{"id":10079,"date":"2021-11-22T12:46:11","date_gmt":"2021-11-22T12:46:11","guid":{"rendered":"https:\/\/fgjh.edu.al\/?p=10079"},"modified":"2021-11-22T12:46:11","modified_gmt":"2021-11-22T12:46:11","slug":"call-for-applications-for-participation-in-the-international-scientific-symposium-on-mehmet-akif-ersoj-and-his-work","status":"publish","type":"post","link":"https:\/\/fgjh.edu.al\/en\/call-for-applications-for-participation-in-the-international-scientific-symposium-on-mehmet-akif-ersoj-and-his-work\/","title":{"rendered":"Call for Applications for participation in the International Scientific Symposium on &#8220;Mehmet Akif Ersoj and his work&#8221;"},"content":{"rendered":"<div align=\"justify\"><span style=\"font-family: Times New Roman,serif; font-size: medium;\"><span lang=\"it\">The Department of Slavic and Balkan Languages, Branch of Turkish Language, within the activities of FGJH will organize the Scientific Symposium &#8220;<\/span><span lang=\"it\"><b>Mehmet Akif Ersoy and his work&#8221;,<\/b><\/span><span lang=\"it\">\u00a0<\/span><span lang=\"it\"><i>on the occasion of the 100th anniversary of the adoption of the anthem of the flag of the Republic of Turkey .<\/i><\/span><\/span><\/div>\n<div align=\"justify\"><span style=\"font-family: Times New Roman,serif; font-size: medium;\"><span lang=\"it\">This event is one of the international scientific activities that is organized due to the fact that this year (2021) marks 100 years since the adoption of the anthem of the flag of the Republic of Turkey; The text of which came to life from the pen of the Albanian poet originating from Peja, the great writer Mehmet Akif Ersoj.<\/span><\/span><\/div>\n<div align=\"justify\"><span style=\"font-family: Times New Roman,serif; font-size: medium;\"><span lang=\"it\">We as a department saw it appropriate to dedicate this year\u2019s scientific event to him and to organize this meeting with international participation in honor of this poet and the universality of his work. Based on the main topic, the speakers will examine topics and themes on the life, personality and universality of the literary work of the poet and writer Mehmet Akif Ersoj. References on literary translation, the reception of Turkish literature in Albania and vice versa will always take place in references, always in the framework of the work of the great Ersoj<\/span><\/span><\/div>\n<div align=\"justify\"><span style=\"font-family: Times New Roman,serif; font-size: medium;\"><span lang=\"it\"><b>1. Coordinator of the event<\/b><\/span><span lang=\"it\">\u00a0&#8211; Prof. As. Dr. Adriatik Derjaj<\/span><\/span><\/div>\n<div align=\"justify\"><span style=\"font-family: Times New Roman,serif; font-size: medium;\"><span lang=\"it\">2.\u00a0<\/span><span lang=\"it\"><b>Organizational board\u00a0<\/b><\/span><span lang=\"it\">-. Turkish Language Branch<\/span><\/span><\/div>\n<div align=\"justify\"><span style=\"font-family: Times New Roman,serif; font-size: medium;\"><span lang=\"it\">3.<\/span><span lang=\"it\"><b>\u00a0Venue\u00a0<\/b><\/span><span lang=\"it\">&#8211; Europe Hall<\/span><\/span><\/div>\n<div align=\"justify\"><span style=\"font-family: Times New Roman,serif; font-size: medium;\"><span lang=\"it\">4.\u00a0<\/span><span lang=\"it\"><b>Date<\/b><\/span><span lang=\"it\">\u00a0&#8211; 15\/16 December 2021<\/span><\/span><\/div>\n<div align=\"justify\"><span style=\"font-family: Times New Roman,serif; font-size: medium;\"><span lang=\"it\">5.\u00a0<\/span><span lang=\"it\"><b>Event language<\/b><\/span><span lang=\"it\">\u00a0&#8211; all languages of the world<\/span><\/span><\/div>\n<div align=\"justify\"><span style=\"font-family: Times New Roman,serif; font-size: medium;\"><span lang=\"it\">6. Given the Covid-19 pandemic situation and the opportunities that everyone has to participate, the presentations will take place in the auditorium and online.<\/span><\/span><\/div>\n<div align=\"justify\"><span style=\"font-family: Times New Roman,serif; font-size: medium;\"><span lang=\"it\">\u00a0<\/span><\/span><\/div>\n<div align=\"justify\"><span style=\"font-family: Times New Roman,serif; font-size: medium;\"><span lang=\"it\">7.\u00a0<\/span><span lang=\"it\"><b>Scientific board \u2013<\/b><\/span><\/span><\/div>\n<div align=\"justify\"><span style=\"font-family: Times New Roman,serif; font-size: medium;\"><span lang=\"it\">\u00a0<\/span><\/span><\/div>\n<div align=\"justify\"><span style=\"font-family: Times New Roman,serif; font-size: medium;\"><span lang=\"it\">Abdiu Xhemile Prof. As. Dr<\/span><\/span><\/div>\n<div align=\"justify\"><span style=\"font-family: Times New Roman,serif; font-size: medium;\"><span lang=\"it\">Adriatik Derjaj Prof. As.Dr<\/span><\/span><\/div>\n<div align=\"justify\"><span style=\"font-family: Times New Roman,serif; font-size: medium;\"><span lang=\"it\">Aida Gjinali Prof. As. Dr.<\/span><\/span><\/div>\n<div align=\"justify\"><span style=\"font-family: Times New Roman,serif; font-size: medium;\"><span lang=\"it\">Albana Shijaku<\/span><\/span><\/div>\n<div align=\"justify\"><span style=\"font-family: Times New Roman,serif; font-size: medium;\"><span lang=\"it\">Alban Fo\u00e7i Dr.<\/span><\/span><\/div>\n<div align=\"justify\"><span style=\"font-family: Times New Roman,serif; font-size: medium;\"><span lang=\"it\">Amina Yesanka Prof.As.Dr<\/span><\/span><\/div>\n<div align=\"justify\"><span style=\"font-family: Times New Roman,serif; font-size: medium;\"><span lang=\"it\">Anita Muho<\/span><\/span><\/div>\n<div align=\"justify\"><span style=\"font-family: Times New Roman,serif; font-size: medium;\"><span lang=\"it\">Arshi Khan Prof. Dr<\/span><\/span><\/div>\n<div align=\"justify\"><span style=\"font-family: Times New Roman,serif; font-size: medium;\"><span lang=\"it\">Bekir Ince Prof. As. Dr.<\/span><\/span><\/div>\n<div align=\"justify\"><span style=\"font-family: Times New Roman,serif; font-size: medium;\"><span lang=\"it\">Besir Neziri Dr.<\/span><\/span><\/div>\n<div align=\"justify\"><span style=\"font-family: Times New Roman,serif; font-size: medium;\"><span lang=\"it\">Daniela Stoica Prof. As. Dr.<\/span><\/span><\/div>\n<div align=\"justify\"><span style=\"font-family: Times New Roman,serif; font-size: medium;\"><span lang=\"it\">Edlira \u00c7erkezi Dr.<\/span><\/span><\/div>\n<div align=\"justify\"><span style=\"font-family: Times New Roman,serif; font-size: medium;\"><span lang=\"it\">Edlira Gabili<\/span><\/span><\/div>\n<div align=\"justify\"><span style=\"font-family: Times New Roman,serif; font-size: medium;\"><span lang=\"it\">Flavia Kaba Dr.<\/span><\/span><\/div>\n<div align=\"justify\"><span style=\"font-family: Times New Roman,serif; font-size: medium;\"><span lang=\"it\">Gladiola Elezi Prof. As. Dr.<\/span><\/span><\/div>\n<div align=\"justify\"><span style=\"font-family: Times New Roman,serif; font-size: medium;\"><span lang=\"it\">Hilmi \u00c7elik Prof. As. Dr.<\/span><\/span><\/div>\n<div align=\"justify\"><span style=\"font-family: Times New Roman,serif; font-size: medium;\"><span lang=\"it\">Marsela Likaj Dr.<\/span><\/span><\/div>\n<div align=\"justify\"><span style=\"font-family: Times New Roman,serif; font-size: medium;\"><span lang=\"it\">Meli Shopi Prof. As. Dr.<\/span><\/span><\/div>\n<div align=\"justify\"><span style=\"font-family: Times New Roman,serif; font-size: medium;\"><span lang=\"it\">MmirjamTeodosjevic Prof.Dr.<\/span><\/span><\/div>\n<div align=\"justify\"><span style=\"font-family: Times New Roman,serif; font-size: medium;\"><span lang=\"it\">Mirela Papa Prof. As. Dr.<\/span><\/span><\/div>\n<div align=\"justify\"><span style=\"font-family: Times New Roman,serif; font-size: medium;\"><span lang=\"it\">Monika Hasa Prof. As. Dr<\/span><\/span><\/div>\n<div align=\"justify\"><span style=\"font-family: Times New Roman,serif; font-size: medium;\"><span lang=\"it\">Mustafa Yildz<\/span><\/span><\/div>\n<div align=\"justify\"><span style=\"font-family: Times New Roman,serif; font-size: medium;\"><span lang=\"it\">\u00a0<\/span><\/span><\/div>\n<div align=\"justify\"><span style=\"font-family: Times New Roman,serif; font-size: medium;\"><span lang=\"it\">\u00a0<\/span><\/span><\/div>\n<div align=\"justify\"><span style=\"font-family: Times New Roman,serif; font-size: medium;\"><span lang=\"it\">Rudima Vrioni Dr<\/span><\/span><\/div>\n<div align=\"justify\"><span style=\"font-family: Times New Roman,serif; font-size: medium;\"><span lang=\"it\">Rudina Alimerko Dr.<\/span><\/span><\/div>\n<div align=\"justify\"><span style=\"font-family: Times New Roman,serif; font-size: medium;\"><span lang=\"it\">Serxho Rama Dr.<\/span><\/span><\/div>\n<div align=\"justify\"><span style=\"font-family: Times New Roman,serif; font-size: medium;\"><span lang=\"it\">Spartak Kadiu Prof. As. Dr<\/span><\/span><\/div>\n<div align=\"justify\"><span style=\"font-family: Times New Roman,serif; font-size: medium;\"><span lang=\"it\">\u00a0<\/span><\/span><\/div>\n<div align=\"justify\"><span style=\"font-family: Times New Roman,serif; font-size: medium;\"><span lang=\"it\">\u00a0<\/span><\/span><\/div>\n<div align=\"justify\"><span style=\"font-family: Times New Roman,serif; font-size: medium;\"><span lang=\"it\">Important dates:<\/span><\/span><\/div>\n<div align=\"justify\"><span style=\"font-family: Times New Roman,serif; font-size: medium;\"><span lang=\"it\">&#8211; 10.12.2021 last date of applications (abstract Albanian \/ English up to 300 words, 5 key words)<\/span><\/span><\/div>\n<div align=\"justify\"><span style=\"font-family: Times New Roman,serif; font-size: medium;\"><span lang=\"it\">&#8211; 12.12.2021 announcement of the agenda<\/span><\/span><\/div>\n<div align=\"justify\"><span style=\"font-family: Times New Roman,serif; font-size: medium;\"><span lang=\"it\">&#8211; 15-16.12.2021 Symposiums<\/span><\/span><\/div>\n<div align=\"justify\"><span style=\"font-family: Times New Roman,serif; font-size: medium;\"><span lang=\"it\">Location: Europe Hall<\/span><\/span><\/div>\n<div align=\"justify\"><span style=\"font-family: Times New Roman,serif; font-size: medium;\"><span lang=\"it\">Contact:\u00a0<\/span><a href=\"mailto:departamenti.sllavoballkanik@unitir.edu.al\" target=\"_blank\" rel=\"noopener noreferrer\"><span lang=\"it\">departamenti.sllavoballkanik@unitir.edu.al<\/span><\/a><\/span><\/div>","protected":false},"excerpt":{"rendered":"<p>The Department of Slavic and Balkan Languages, Branch of Turkish Language, within the activities of FGJH will organize the Scientific Symposium &#8220;Mehmet Akif Ersoy and his work&#8221;,\u00a0on the occasion of [&hellip;]<\/p>\n","protected":false},"author":1,"featured_media":9823,"comment_status":"open","ping_status":"open","sticky":false,"template":"","format":"standard","meta":{"footnotes":""},"categories":[140],"tags":[],"class_list":["post-10079","post","type-post","status-publish","format-standard","has-post-thumbnail","hentry","category-njoftime-en"],"yoast_head":"<!-- This site is optimized with the Yoast SEO plugin v28.0 - https:\/\/yoast.com\/product\/yoast-seo-wordpress\/ -->\n<title>Simpoziumin Shkencor Nd\u00ebrkomb\u00ebtar me tem\u00eb bosht \u201cMehmet Akif Ers<\/title>\n<meta name=\"description\" content=\"Thirrje p\u00ebr Aplikim p\u00ebr pjes\u00ebmarrje n\u00eb Simpoziumin Shkencor Nd\u00ebrkomb\u00ebtar me tem\u00eb bosht \u201cMehmet Akif Ersoj dhe vepra e tij\u201dSimpoziumin Shke\" \/>\n<meta name=\"robots\" content=\"index, follow, max-snippet:-1, max-image-preview:large, max-video-preview:-1\" \/>\n<link rel=\"canonical\" href=\"https:\/\/fgjh.edu.al\/en\/call-for-applications-for-participation-in-the-international-scientific-symposium-on-mehmet-akif-ersoj-and-his-work\/\" \/>\n<meta property=\"og:locale\" content=\"en_US\" \/>\n<meta property=\"og:type\" content=\"article\" \/>\n<meta property=\"og:title\" content=\"Simpoziumin Shkencor Nd\u00ebrkomb\u00ebtar me tem\u00eb bosht \u201cMehmet Akif Ers\" \/>\n<meta property=\"og:description\" content=\"Thirrje p\u00ebr Aplikim p\u00ebr pjes\u00ebmarrje n\u00eb Simpoziumin Shkencor Nd\u00ebrkomb\u00ebtar me tem\u00eb bosht \u201cMehmet Akif Ersoj dhe vepra e tij\u201dSimpoziumin Shke\" \/>\n<meta property=\"og:url\" content=\"https:\/\/fgjh.edu.al\/en\/call-for-applications-for-participation-in-the-international-scientific-symposium-on-mehmet-akif-ersoj-and-his-work\/\" \/>\n<meta property=\"og:site_name\" content=\"Fakulteti i Gjuh\u00ebve t\u00eb Huaja\" \/>\n<meta property=\"article:published_time\" content=\"2021-11-22T12:46:11+00:00\" \/>\n<meta property=\"og:image\" content=\"https:\/\/fgjh.edu.al\/wp-content\/uploads\/2021\/11\/257549432_2059277014224767_8722990727903307906_n.jpg\" \/>\n\t<meta property=\"og:image:width\" content=\"1463\" \/>\n\t<meta property=\"og:image:height\" content=\"2048\" \/>\n\t<meta property=\"og:image:type\" content=\"image\/jpeg\" \/>\n<meta name=\"author\" content=\"fgjh_admin\" \/>\n<meta name=\"twitter:card\" content=\"summary_large_image\" \/>\n<meta name=\"twitter:label1\" content=\"Written by\" \/>\n\t<meta name=\"twitter:data1\" content=\"fgjh_admin\" \/>\n\t<meta name=\"twitter:label2\" content=\"Est. reading time\" \/>\n\t<meta name=\"twitter:data2\" content=\"2 minutes\" \/>\n<script type=\"application\/ld+json\" class=\"yoast-schema-graph\">{\"@context\":\"https:\\\/\\\/schema.org\",\"@graph\":[{\"@type\":\"Article\",\"@id\":\"https:\\\/\\\/fgjh.edu.al\\\/en\\\/call-for-applications-for-participation-in-the-international-scientific-symposium-on-mehmet-akif-ersoj-and-his-work\\\/#article\",\"isPartOf\":{\"@id\":\"https:\\\/\\\/fgjh.edu.al\\\/en\\\/call-for-applications-for-participation-in-the-international-scientific-symposium-on-mehmet-akif-ersoj-and-his-work\\\/\"},\"author\":{\"name\":\"fgjh_admin\",\"@id\":\"https:\\\/\\\/fgjh.edu.al\\\/en\\\/#\\\/schema\\\/person\\\/51a50e23ebb16033b0f87548e2308670\"},\"headline\":\"Call for Applications for participation in the International Scientific Symposium on &#8220;Mehmet Akif Ersoj and his work&#8221;\",\"datePublished\":\"2021-11-22T12:46:11+00:00\",\"mainEntityOfPage\":{\"@id\":\"https:\\\/\\\/fgjh.edu.al\\\/en\\\/call-for-applications-for-participation-in-the-international-scientific-symposium-on-mehmet-akif-ersoj-and-his-work\\\/\"},\"wordCount\":407,\"commentCount\":0,\"publisher\":{\"@id\":\"https:\\\/\\\/fgjh.edu.al\\\/en\\\/#organization\"},\"image\":{\"@id\":\"https:\\\/\\\/fgjh.edu.al\\\/en\\\/call-for-applications-for-participation-in-the-international-scientific-symposium-on-mehmet-akif-ersoj-and-his-work\\\/#primaryimage\"},\"thumbnailUrl\":\"https:\\\/\\\/fgjh.edu.al\\\/wp-content\\\/uploads\\\/2021\\\/11\\\/257549432_2059277014224767_8722990727903307906_n.jpg\",\"articleSection\":[\"Njoftime\"],\"inLanguage\":\"en-US\",\"potentialAction\":[{\"@type\":\"CommentAction\",\"name\":\"Comment\",\"target\":[\"https:\\\/\\\/fgjh.edu.al\\\/en\\\/call-for-applications-for-participation-in-the-international-scientific-symposium-on-mehmet-akif-ersoj-and-his-work\\\/#respond\"]}]},{\"@type\":\"WebPage\",\"@id\":\"https:\\\/\\\/fgjh.edu.al\\\/en\\\/call-for-applications-for-participation-in-the-international-scientific-symposium-on-mehmet-akif-ersoj-and-his-work\\\/\",\"url\":\"https:\\\/\\\/fgjh.edu.al\\\/en\\\/call-for-applications-for-participation-in-the-international-scientific-symposium-on-mehmet-akif-ersoj-and-his-work\\\/\",\"name\":\"Simpoziumin Shkencor Nd\u00ebrkomb\u00ebtar me tem\u00eb bosht \u201cMehmet Akif Ers\",\"isPartOf\":{\"@id\":\"https:\\\/\\\/fgjh.edu.al\\\/en\\\/#website\"},\"primaryImageOfPage\":{\"@id\":\"https:\\\/\\\/fgjh.edu.al\\\/en\\\/call-for-applications-for-participation-in-the-international-scientific-symposium-on-mehmet-akif-ersoj-and-his-work\\\/#primaryimage\"},\"image\":{\"@id\":\"https:\\\/\\\/fgjh.edu.al\\\/en\\\/call-for-applications-for-participation-in-the-international-scientific-symposium-on-mehmet-akif-ersoj-and-his-work\\\/#primaryimage\"},\"thumbnailUrl\":\"https:\\\/\\\/fgjh.edu.al\\\/wp-content\\\/uploads\\\/2021\\\/11\\\/257549432_2059277014224767_8722990727903307906_n.jpg\",\"datePublished\":\"2021-11-22T12:46:11+00:00\",\"description\":\"Thirrje p\u00ebr Aplikim p\u00ebr pjes\u00ebmarrje n\u00eb Simpoziumin Shkencor Nd\u00ebrkomb\u00ebtar me tem\u00eb bosht \u201cMehmet Akif Ersoj dhe vepra e tij\u201dSimpoziumin Shke\",\"inLanguage\":\"en-US\",\"potentialAction\":[{\"@type\":\"ReadAction\",\"target\":[\"https:\\\/\\\/fgjh.edu.al\\\/en\\\/call-for-applications-for-participation-in-the-international-scientific-symposium-on-mehmet-akif-ersoj-and-his-work\\\/\"]}]},{\"@type\":\"ImageObject\",\"inLanguage\":\"en-US\",\"@id\":\"https:\\\/\\\/fgjh.edu.al\\\/en\\\/call-for-applications-for-participation-in-the-international-scientific-symposium-on-mehmet-akif-ersoj-and-his-work\\\/#primaryimage\",\"url\":\"https:\\\/\\\/fgjh.edu.al\\\/wp-content\\\/uploads\\\/2021\\\/11\\\/257549432_2059277014224767_8722990727903307906_n.jpg\",\"contentUrl\":\"https:\\\/\\\/fgjh.edu.al\\\/wp-content\\\/uploads\\\/2021\\\/11\\\/257549432_2059277014224767_8722990727903307906_n.jpg\",\"width\":1463,\"height\":2048},{\"@type\":\"WebSite\",\"@id\":\"https:\\\/\\\/fgjh.edu.al\\\/en\\\/#website\",\"url\":\"https:\\\/\\\/fgjh.edu.al\\\/en\\\/\",\"name\":\"Fakulteti i Gjuh\u00ebve t\u00eb Huaja\",\"description\":\"\",\"publisher\":{\"@id\":\"https:\\\/\\\/fgjh.edu.al\\\/en\\\/#organization\"},\"potentialAction\":[{\"@type\":\"SearchAction\",\"target\":{\"@type\":\"EntryPoint\",\"urlTemplate\":\"https:\\\/\\\/fgjh.edu.al\\\/en\\\/?s={search_term_string}\"},\"query-input\":{\"@type\":\"PropertyValueSpecification\",\"valueRequired\":true,\"valueName\":\"search_term_string\"}}],\"inLanguage\":\"en-US\"},{\"@type\":\"Organization\",\"@id\":\"https:\\\/\\\/fgjh.edu.al\\\/en\\\/#organization\",\"name\":\"Fakulteti i Gjuh\u00ebve t\u00eb Huaja\",\"url\":\"https:\\\/\\\/fgjh.edu.al\\\/en\\\/\",\"logo\":{\"@type\":\"ImageObject\",\"inLanguage\":\"en-US\",\"@id\":\"https:\\\/\\\/fgjh.edu.al\\\/en\\\/#\\\/schema\\\/logo\\\/image\\\/\",\"url\":\"\\\/wp-content\\\/uploads\\\/2021\\\/11\\\/fgjh_logo_e_re.png\",\"contentUrl\":\"\\\/wp-content\\\/uploads\\\/2021\\\/11\\\/fgjh_logo_e_re.png\",\"width\":693,\"height\":96,\"caption\":\"Fakulteti i Gjuh\u00ebve t\u00eb Huaja\"},\"image\":{\"@id\":\"https:\\\/\\\/fgjh.edu.al\\\/en\\\/#\\\/schema\\\/logo\\\/image\\\/\"}},{\"@type\":\"Person\",\"@id\":\"https:\\\/\\\/fgjh.edu.al\\\/en\\\/#\\\/schema\\\/person\\\/51a50e23ebb16033b0f87548e2308670\",\"name\":\"fgjh_admin\",\"sameAs\":[\"https:\\\/\\\/fgjh.edu.al\"]}]}<\/script>\n<!-- \/ Yoast SEO plugin. -->","yoast_head_json":{"title":"Simpoziumin Shkencor Nd\u00ebrkomb\u00ebtar me tem\u00eb bosht \u201cMehmet Akif Ers","description":"Thirrje p\u00ebr Aplikim p\u00ebr pjes\u00ebmarrje n\u00eb Simpoziumin Shkencor Nd\u00ebrkomb\u00ebtar me tem\u00eb bosht \u201cMehmet Akif Ersoj dhe vepra e tij\u201dSimpoziumin Shke","robots":{"index":"index","follow":"follow","max-snippet":"max-snippet:-1","max-image-preview":"max-image-preview:large","max-video-preview":"max-video-preview:-1"},"canonical":"https:\/\/fgjh.edu.al\/en\/call-for-applications-for-participation-in-the-international-scientific-symposium-on-mehmet-akif-ersoj-and-his-work\/","og_locale":"en_US","og_type":"article","og_title":"Simpoziumin Shkencor Nd\u00ebrkomb\u00ebtar me tem\u00eb bosht \u201cMehmet Akif Ers","og_description":"Thirrje p\u00ebr Aplikim p\u00ebr pjes\u00ebmarrje n\u00eb Simpoziumin Shkencor Nd\u00ebrkomb\u00ebtar me tem\u00eb bosht \u201cMehmet Akif Ersoj dhe vepra e tij\u201dSimpoziumin Shke","og_url":"https:\/\/fgjh.edu.al\/en\/call-for-applications-for-participation-in-the-international-scientific-symposium-on-mehmet-akif-ersoj-and-his-work\/","og_site_name":"Fakulteti i Gjuh\u00ebve t\u00eb Huaja","article_published_time":"2021-11-22T12:46:11+00:00","og_image":[{"width":1463,"height":2048,"url":"https:\/\/fgjh.edu.al\/wp-content\/uploads\/2021\/11\/257549432_2059277014224767_8722990727903307906_n.jpg","type":"image\/jpeg"}],"author":"fgjh_admin","twitter_card":"summary_large_image","twitter_misc":{"Written by":"fgjh_admin","Est. reading time":"2 minutes"},"schema":{"@context":"https:\/\/schema.org","@graph":[{"@type":"Article","@id":"https:\/\/fgjh.edu.al\/en\/call-for-applications-for-participation-in-the-international-scientific-symposium-on-mehmet-akif-ersoj-and-his-work\/#article","isPartOf":{"@id":"https:\/\/fgjh.edu.al\/en\/call-for-applications-for-participation-in-the-international-scientific-symposium-on-mehmet-akif-ersoj-and-his-work\/"},"author":{"name":"fgjh_admin","@id":"https:\/\/fgjh.edu.al\/en\/#\/schema\/person\/51a50e23ebb16033b0f87548e2308670"},"headline":"Call for Applications for participation in the International Scientific Symposium on &#8220;Mehmet Akif Ersoj and his work&#8221;","datePublished":"2021-11-22T12:46:11+00:00","mainEntityOfPage":{"@id":"https:\/\/fgjh.edu.al\/en\/call-for-applications-for-participation-in-the-international-scientific-symposium-on-mehmet-akif-ersoj-and-his-work\/"},"wordCount":407,"commentCount":0,"publisher":{"@id":"https:\/\/fgjh.edu.al\/en\/#organization"},"image":{"@id":"https:\/\/fgjh.edu.al\/en\/call-for-applications-for-participation-in-the-international-scientific-symposium-on-mehmet-akif-ersoj-and-his-work\/#primaryimage"},"thumbnailUrl":"https:\/\/fgjh.edu.al\/wp-content\/uploads\/2021\/11\/257549432_2059277014224767_8722990727903307906_n.jpg","articleSection":["Njoftime"],"inLanguage":"en-US","potentialAction":[{"@type":"CommentAction","name":"Comment","target":["https:\/\/fgjh.edu.al\/en\/call-for-applications-for-participation-in-the-international-scientific-symposium-on-mehmet-akif-ersoj-and-his-work\/#respond"]}]},{"@type":"WebPage","@id":"https:\/\/fgjh.edu.al\/en\/call-for-applications-for-participation-in-the-international-scientific-symposium-on-mehmet-akif-ersoj-and-his-work\/","url":"https:\/\/fgjh.edu.al\/en\/call-for-applications-for-participation-in-the-international-scientific-symposium-on-mehmet-akif-ersoj-and-his-work\/","name":"Simpoziumin Shkencor Nd\u00ebrkomb\u00ebtar me tem\u00eb bosht \u201cMehmet Akif Ers","isPartOf":{"@id":"https:\/\/fgjh.edu.al\/en\/#website"},"primaryImageOfPage":{"@id":"https:\/\/fgjh.edu.al\/en\/call-for-applications-for-participation-in-the-international-scientific-symposium-on-mehmet-akif-ersoj-and-his-work\/#primaryimage"},"image":{"@id":"https:\/\/fgjh.edu.al\/en\/call-for-applications-for-participation-in-the-international-scientific-symposium-on-mehmet-akif-ersoj-and-his-work\/#primaryimage"},"thumbnailUrl":"https:\/\/fgjh.edu.al\/wp-content\/uploads\/2021\/11\/257549432_2059277014224767_8722990727903307906_n.jpg","datePublished":"2021-11-22T12:46:11+00:00","description":"Thirrje p\u00ebr Aplikim p\u00ebr pjes\u00ebmarrje n\u00eb Simpoziumin Shkencor Nd\u00ebrkomb\u00ebtar me tem\u00eb bosht \u201cMehmet Akif Ersoj dhe vepra e tij\u201dSimpoziumin Shke","inLanguage":"en-US","potentialAction":[{"@type":"ReadAction","target":["https:\/\/fgjh.edu.al\/en\/call-for-applications-for-participation-in-the-international-scientific-symposium-on-mehmet-akif-ersoj-and-his-work\/"]}]},{"@type":"ImageObject","inLanguage":"en-US","@id":"https:\/\/fgjh.edu.al\/en\/call-for-applications-for-participation-in-the-international-scientific-symposium-on-mehmet-akif-ersoj-and-his-work\/#primaryimage","url":"https:\/\/fgjh.edu.al\/wp-content\/uploads\/2021\/11\/257549432_2059277014224767_8722990727903307906_n.jpg","contentUrl":"https:\/\/fgjh.edu.al\/wp-content\/uploads\/2021\/11\/257549432_2059277014224767_8722990727903307906_n.jpg","width":1463,"height":2048},{"@type":"WebSite","@id":"https:\/\/fgjh.edu.al\/en\/#website","url":"https:\/\/fgjh.edu.al\/en\/","name":"Fakulteti i Gjuh\u00ebve t\u00eb Huaja","description":"","publisher":{"@id":"https:\/\/fgjh.edu.al\/en\/#organization"},"potentialAction":[{"@type":"SearchAction","target":{"@type":"EntryPoint","urlTemplate":"https:\/\/fgjh.edu.al\/en\/?s={search_term_string}"},"query-input":{"@type":"PropertyValueSpecification","valueRequired":true,"valueName":"search_term_string"}}],"inLanguage":"en-US"},{"@type":"Organization","@id":"https:\/\/fgjh.edu.al\/en\/#organization","name":"Fakulteti i Gjuh\u00ebve t\u00eb Huaja","url":"https:\/\/fgjh.edu.al\/en\/","logo":{"@type":"ImageObject","inLanguage":"en-US","@id":"https:\/\/fgjh.edu.al\/en\/#\/schema\/logo\/image\/","url":"\/wp-content\/uploads\/2021\/11\/fgjh_logo_e_re.png","contentUrl":"\/wp-content\/uploads\/2021\/11\/fgjh_logo_e_re.png","width":693,"height":96,"caption":"Fakulteti i Gjuh\u00ebve t\u00eb Huaja"},"image":{"@id":"https:\/\/fgjh.edu.al\/en\/#\/schema\/logo\/image\/"}},{"@type":"Person","@id":"https:\/\/fgjh.edu.al\/en\/#\/schema\/person\/51a50e23ebb16033b0f87548e2308670","name":"fgjh_admin","sameAs":["https:\/\/fgjh.edu.al"]}]}},"_links":{"self":[{"href":"https:\/\/fgjh.edu.al\/en\/wp-json\/wp\/v2\/posts\/10079","targetHints":{"allow":["GET"]}}],"collection":[{"href":"https:\/\/fgjh.edu.al\/en\/wp-json\/wp\/v2\/posts"}],"about":[{"href":"https:\/\/fgjh.edu.al\/en\/wp-json\/wp\/v2\/types\/post"}],"author":[{"embeddable":true,"href":"https:\/\/fgjh.edu.al\/en\/wp-json\/wp\/v2\/users\/1"}],"replies":[{"embeddable":true,"href":"https:\/\/fgjh.edu.al\/en\/wp-json\/wp\/v2\/comments?post=10079"}],"version-history":[{"count":2,"href":"https:\/\/fgjh.edu.al\/en\/wp-json\/wp\/v2\/posts\/10079\/revisions"}],"predecessor-version":[{"id":10081,"href":"https:\/\/fgjh.edu.al\/en\/wp-json\/wp\/v2\/posts\/10079\/revisions\/10081"}],"wp:featuredmedia":[{"embeddable":true,"href":"https:\/\/fgjh.edu.al\/en\/wp-json\/wp\/v2\/media\/9823"}],"wp:attachment":[{"href":"https:\/\/fgjh.edu.al\/en\/wp-json\/wp\/v2\/media?parent=10079"}],"wp:term":[{"taxonomy":"category","embeddable":true,"href":"https:\/\/fgjh.edu.al\/en\/wp-json\/wp\/v2\/categories?post=10079"},{"taxonomy":"post_tag","embeddable":true,"href":"https:\/\/fgjh.edu.al\/en\/wp-json\/wp\/v2\/tags?post=10079"}],"curies":[{"name":"wp","href":"https:\/\/api.w.org\/{rel}","templated":true}]}}