{"id":42754,"date":"2025-02-12T08:12:21","date_gmt":"2025-02-12T08:12:21","guid":{"rendered":"https:\/\/fgjh.edu.al\/?p=42754"},"modified":"2026-07-15T08:12:47","modified_gmt":"2026-07-15T08:12:47","slug":"teaching-greek-from-primary-to-higher-education-on-world-greek-language-day","status":"publish","type":"post","link":"https:\/\/fgjh.edu.al\/en\/teaching-greek-from-primary-to-higher-education-on-world-greek-language-day\/","title":{"rendered":"&#8220;Teaching Greek: from primary to higher education on World Greek Language Day&#8221;"},"content":{"rendered":"<p>\ud83d\udcc5On 11th of February 2025 the Department of Greek at the Faculty of Foreign Languages, University of Tirana, in cooperation with the Greek Embassy in Albania and the Greek Foundation for Language and Culture, held and event for the International Greek Language Day 2025, on the topic \u201cGreek language teaching: from primary education to upper secondary education\u201d.<\/p>\n<p>\ud83c\udf0d\ud83d\udde3\ufe0fThis event fostered discussions on Greek language teaching in private and public institutions. The following participants gave their greetings:<\/p>\n<p>\u00b7\u00a0 Ms. Sofia Delijorgji, Head of the Department of Greek Language<br \/>\n\u00b7\u00a0 Ms. Drita Rira, Vice Dean of the Faculty of Foreign Languages<br \/>\n\u00b7\u00a0 Mr. Emiliano Mustaqe, Director of the Greek Foundation for Book ad Culture \u2013 Vatra Tiran\u00eb<br \/>\n\u00b7\u00a0 Mr. Paschalis Anastasios, Greek Consul in Tirana (online) \ud83d\udcbb<\/p>\n<p>\ud83d\udcda Other speakers were, Mr. Konstantinos Giakoumis, Dean of the Faculty of Humanities and Linguistic Communication at &#8220;Logos&#8221; University College, on the role of higher education, and Mr. Ziso Lluci, Director of LEO (ZVA) Finiq-Dropull, on the importance of education for the Greek minority.<br \/>\n\ud83d\udc68\u200d\ud83c\udfebLecturers from the Department of Greek at FFL &#8211; UT and the University of Gjirokastra, as well as representatives of private schools, presented innovative approaches to teaching.<br \/>\n\ud83d\udd11 The Department of Greek continues to play a key role in promoting the Greek language and culture, contributing to the training of future teachers and the development of new didactic methods.<\/p>\n<p>\ud83d\udd04 The meeting concluded with discussions, emphasizing the need for cooperation between educational institutions to advance the teaching of the Greek language in Albania.<\/p>\n<p>#DitaBot\u00ebroreEGjuh\u00ebsGreke #M\u00ebsimdh\u00ebnie #GjuhaGreke #KulturaGreke #UniversitetiITiran\u00ebs #ArsimIAvancuar #InovacionArsimor<\/p>","protected":false},"excerpt":{"rendered":"<p>\ud83d\udcc5On 11th of February 2025 the Department of Greek at the Faculty of Foreign Languages, University of Tirana, in cooperation with the Greek Embassy in Albania and the Greek Foundation [&hellip;]<\/p>\n","protected":false},"author":73,"featured_media":31238,"comment_status":"closed","ping_status":"closed","sticky":false,"template":"","format":"standard","meta":{"footnotes":""},"categories":[1510],"tags":[],"class_list":["post-42754","post","type-post","status-publish","format-standard","has-post-thumbnail","hentry","category-scientific-conference-24-25"],"yoast_head":"<!-- This site is optimized with the Yoast SEO plugin v28.0 - https:\/\/yoast.com\/product\/yoast-seo-wordpress\/ -->\n<title>&quot;Teaching Greek: from primary to higher education on World Greek Language Day&quot; - Fakulteti i Gjuh\u00ebve t\u00eb Huaja<\/title>\n<meta name=\"robots\" content=\"index, follow, max-snippet:-1, max-image-preview:large, max-video-preview:-1\" \/>\n<link rel=\"canonical\" href=\"https:\/\/fgjh.edu.al\/en\/teaching-greek-from-primary-to-higher-education-on-world-greek-language-day\/\" \/>\n<meta property=\"og:locale\" content=\"en_US\" \/>\n<meta property=\"og:type\" content=\"article\" \/>\n<meta property=\"og:title\" content=\"&quot;Teaching Greek: from primary to higher education on World Greek Language Day&quot; - Fakulteti i Gjuh\u00ebve t\u00eb Huaja\" \/>\n<meta property=\"og:description\" content=\"\ud83d\udcc5On 11th of February 2025 the Department of Greek at the Faculty of Foreign Languages, University of Tirana, in cooperation with the Greek Embassy in Albania and the Greek Foundation [&hellip;]\" \/>\n<meta property=\"og:url\" content=\"https:\/\/fgjh.edu.al\/en\/teaching-greek-from-primary-to-higher-education-on-world-greek-language-day\/\" \/>\n<meta property=\"og:site_name\" content=\"Fakulteti i Gjuh\u00ebve t\u00eb Huaja\" \/>\n<meta property=\"article:published_time\" content=\"2025-02-12T08:12:21+00:00\" \/>\n<meta property=\"article:modified_time\" content=\"2026-07-15T08:12:47+00:00\" \/>\n<meta property=\"og:image\" content=\"https:\/\/fgjh.edu.al\/wp-content\/uploads\/2025\/02\/WhatsApp-Image-2025-02-12-at-10.11.50-AM-11.jpeg\" \/>\n\t<meta property=\"og:image:width\" content=\"1600\" \/>\n\t<meta property=\"og:image:height\" content=\"1200\" \/>\n\t<meta property=\"og:image:type\" content=\"image\/jpeg\" \/>\n<meta name=\"author\" content=\"Laura Barjami\" \/>\n<meta name=\"twitter:card\" content=\"summary_large_image\" \/>\n<meta name=\"twitter:label1\" content=\"Written by\" \/>\n\t<meta name=\"twitter:data1\" content=\"Laura Barjami\" \/>\n\t<meta name=\"twitter:label2\" content=\"Est. reading time\" \/>\n\t<meta name=\"twitter:data2\" content=\"2 minutes\" \/>\n<script type=\"application\/ld+json\" class=\"yoast-schema-graph\">{\"@context\":\"https:\\\/\\\/schema.org\",\"@graph\":[{\"@type\":\"Article\",\"@id\":\"https:\\\/\\\/fgjh.edu.al\\\/en\\\/teaching-greek-from-primary-to-higher-education-on-world-greek-language-day\\\/#article\",\"isPartOf\":{\"@id\":\"https:\\\/\\\/fgjh.edu.al\\\/en\\\/teaching-greek-from-primary-to-higher-education-on-world-greek-language-day\\\/\"},\"author\":{\"name\":\"Laura Barjami\",\"@id\":\"https:\\\/\\\/fgjh.edu.al\\\/en\\\/#\\\/schema\\\/person\\\/64cb6567a25dd53d4bf19ac5822250a0\"},\"headline\":\"&#8220;Teaching Greek: from primary to higher education on World Greek Language Day&#8221;\",\"datePublished\":\"2025-02-12T08:12:21+00:00\",\"dateModified\":\"2026-07-15T08:12:47+00:00\",\"mainEntityOfPage\":{\"@id\":\"https:\\\/\\\/fgjh.edu.al\\\/en\\\/teaching-greek-from-primary-to-higher-education-on-world-greek-language-day\\\/\"},\"wordCount\":265,\"publisher\":{\"@id\":\"https:\\\/\\\/fgjh.edu.al\\\/en\\\/#organization\"},\"image\":{\"@id\":\"https:\\\/\\\/fgjh.edu.al\\\/en\\\/teaching-greek-from-primary-to-higher-education-on-world-greek-language-day\\\/#primaryimage\"},\"thumbnailUrl\":\"https:\\\/\\\/fgjh.edu.al\\\/wp-content\\\/uploads\\\/2025\\\/02\\\/WhatsApp-Image-2025-02-12-at-10.11.50-AM-11.jpeg\",\"articleSection\":[\"Scientific Conference 24-25\"],\"inLanguage\":\"en-US\"},{\"@type\":\"WebPage\",\"@id\":\"https:\\\/\\\/fgjh.edu.al\\\/en\\\/teaching-greek-from-primary-to-higher-education-on-world-greek-language-day\\\/\",\"url\":\"https:\\\/\\\/fgjh.edu.al\\\/en\\\/teaching-greek-from-primary-to-higher-education-on-world-greek-language-day\\\/\",\"name\":\"\\\"Teaching Greek: from primary to higher education on World Greek Language Day\\\" - Fakulteti i Gjuh\u00ebve t\u00eb Huaja\",\"isPartOf\":{\"@id\":\"https:\\\/\\\/fgjh.edu.al\\\/en\\\/#website\"},\"primaryImageOfPage\":{\"@id\":\"https:\\\/\\\/fgjh.edu.al\\\/en\\\/teaching-greek-from-primary-to-higher-education-on-world-greek-language-day\\\/#primaryimage\"},\"image\":{\"@id\":\"https:\\\/\\\/fgjh.edu.al\\\/en\\\/teaching-greek-from-primary-to-higher-education-on-world-greek-language-day\\\/#primaryimage\"},\"thumbnailUrl\":\"https:\\\/\\\/fgjh.edu.al\\\/wp-content\\\/uploads\\\/2025\\\/02\\\/WhatsApp-Image-2025-02-12-at-10.11.50-AM-11.jpeg\",\"datePublished\":\"2025-02-12T08:12:21+00:00\",\"dateModified\":\"2026-07-15T08:12:47+00:00\",\"inLanguage\":\"en-US\",\"potentialAction\":[{\"@type\":\"ReadAction\",\"target\":[\"https:\\\/\\\/fgjh.edu.al\\\/en\\\/teaching-greek-from-primary-to-higher-education-on-world-greek-language-day\\\/\"]}]},{\"@type\":\"ImageObject\",\"inLanguage\":\"en-US\",\"@id\":\"https:\\\/\\\/fgjh.edu.al\\\/en\\\/teaching-greek-from-primary-to-higher-education-on-world-greek-language-day\\\/#primaryimage\",\"url\":\"https:\\\/\\\/fgjh.edu.al\\\/wp-content\\\/uploads\\\/2025\\\/02\\\/WhatsApp-Image-2025-02-12-at-10.11.50-AM-11.jpeg\",\"contentUrl\":\"https:\\\/\\\/fgjh.edu.al\\\/wp-content\\\/uploads\\\/2025\\\/02\\\/WhatsApp-Image-2025-02-12-at-10.11.50-AM-11.jpeg\",\"width\":1600,\"height\":1200},{\"@type\":\"WebSite\",\"@id\":\"https:\\\/\\\/fgjh.edu.al\\\/en\\\/#website\",\"url\":\"https:\\\/\\\/fgjh.edu.al\\\/en\\\/\",\"name\":\"Fakulteti i Gjuh\u00ebve t\u00eb Huaja\",\"description\":\"\",\"publisher\":{\"@id\":\"https:\\\/\\\/fgjh.edu.al\\\/en\\\/#organization\"},\"potentialAction\":[{\"@type\":\"SearchAction\",\"target\":{\"@type\":\"EntryPoint\",\"urlTemplate\":\"https:\\\/\\\/fgjh.edu.al\\\/en\\\/?s={search_term_string}\"},\"query-input\":{\"@type\":\"PropertyValueSpecification\",\"valueRequired\":true,\"valueName\":\"search_term_string\"}}],\"inLanguage\":\"en-US\"},{\"@type\":\"Organization\",\"@id\":\"https:\\\/\\\/fgjh.edu.al\\\/en\\\/#organization\",\"name\":\"Fakulteti i Gjuh\u00ebve t\u00eb Huaja\",\"url\":\"https:\\\/\\\/fgjh.edu.al\\\/en\\\/\",\"logo\":{\"@type\":\"ImageObject\",\"inLanguage\":\"en-US\",\"@id\":\"https:\\\/\\\/fgjh.edu.al\\\/en\\\/#\\\/schema\\\/logo\\\/image\\\/\",\"url\":\"\\\/wp-content\\\/uploads\\\/2021\\\/11\\\/fgjh_logo_e_re.png\",\"contentUrl\":\"\\\/wp-content\\\/uploads\\\/2021\\\/11\\\/fgjh_logo_e_re.png\",\"width\":693,\"height\":96,\"caption\":\"Fakulteti i Gjuh\u00ebve t\u00eb Huaja\"},\"image\":{\"@id\":\"https:\\\/\\\/fgjh.edu.al\\\/en\\\/#\\\/schema\\\/logo\\\/image\\\/\"}},{\"@type\":\"Person\",\"@id\":\"https:\\\/\\\/fgjh.edu.al\\\/en\\\/#\\\/schema\\\/person\\\/64cb6567a25dd53d4bf19ac5822250a0\",\"name\":\"Laura Barjami\"}]}<\/script>\n<!-- \/ Yoast SEO plugin. -->","yoast_head_json":{"title":"\"Teaching Greek: from primary to higher education on World Greek Language Day\" - Fakulteti i Gjuh\u00ebve t\u00eb Huaja","robots":{"index":"index","follow":"follow","max-snippet":"max-snippet:-1","max-image-preview":"max-image-preview:large","max-video-preview":"max-video-preview:-1"},"canonical":"https:\/\/fgjh.edu.al\/en\/teaching-greek-from-primary-to-higher-education-on-world-greek-language-day\/","og_locale":"en_US","og_type":"article","og_title":"\"Teaching Greek: from primary to higher education on World Greek Language Day\" - Fakulteti i Gjuh\u00ebve t\u00eb Huaja","og_description":"\ud83d\udcc5On 11th of February 2025 the Department of Greek at the Faculty of Foreign Languages, University of Tirana, in cooperation with the Greek Embassy in Albania and the Greek Foundation [&hellip;]","og_url":"https:\/\/fgjh.edu.al\/en\/teaching-greek-from-primary-to-higher-education-on-world-greek-language-day\/","og_site_name":"Fakulteti i Gjuh\u00ebve t\u00eb Huaja","article_published_time":"2025-02-12T08:12:21+00:00","article_modified_time":"2026-07-15T08:12:47+00:00","og_image":[{"width":1600,"height":1200,"url":"https:\/\/fgjh.edu.al\/wp-content\/uploads\/2025\/02\/WhatsApp-Image-2025-02-12-at-10.11.50-AM-11.jpeg","type":"image\/jpeg"}],"author":"Laura Barjami","twitter_card":"summary_large_image","twitter_misc":{"Written by":"Laura Barjami","Est. reading time":"2 minutes"},"schema":{"@context":"https:\/\/schema.org","@graph":[{"@type":"Article","@id":"https:\/\/fgjh.edu.al\/en\/teaching-greek-from-primary-to-higher-education-on-world-greek-language-day\/#article","isPartOf":{"@id":"https:\/\/fgjh.edu.al\/en\/teaching-greek-from-primary-to-higher-education-on-world-greek-language-day\/"},"author":{"name":"Laura Barjami","@id":"https:\/\/fgjh.edu.al\/en\/#\/schema\/person\/64cb6567a25dd53d4bf19ac5822250a0"},"headline":"&#8220;Teaching Greek: from primary to higher education on World Greek Language Day&#8221;","datePublished":"2025-02-12T08:12:21+00:00","dateModified":"2026-07-15T08:12:47+00:00","mainEntityOfPage":{"@id":"https:\/\/fgjh.edu.al\/en\/teaching-greek-from-primary-to-higher-education-on-world-greek-language-day\/"},"wordCount":265,"publisher":{"@id":"https:\/\/fgjh.edu.al\/en\/#organization"},"image":{"@id":"https:\/\/fgjh.edu.al\/en\/teaching-greek-from-primary-to-higher-education-on-world-greek-language-day\/#primaryimage"},"thumbnailUrl":"https:\/\/fgjh.edu.al\/wp-content\/uploads\/2025\/02\/WhatsApp-Image-2025-02-12-at-10.11.50-AM-11.jpeg","articleSection":["Scientific Conference 24-25"],"inLanguage":"en-US"},{"@type":"WebPage","@id":"https:\/\/fgjh.edu.al\/en\/teaching-greek-from-primary-to-higher-education-on-world-greek-language-day\/","url":"https:\/\/fgjh.edu.al\/en\/teaching-greek-from-primary-to-higher-education-on-world-greek-language-day\/","name":"\"Teaching Greek: from primary to higher education on World Greek Language Day\" - Fakulteti i Gjuh\u00ebve t\u00eb Huaja","isPartOf":{"@id":"https:\/\/fgjh.edu.al\/en\/#website"},"primaryImageOfPage":{"@id":"https:\/\/fgjh.edu.al\/en\/teaching-greek-from-primary-to-higher-education-on-world-greek-language-day\/#primaryimage"},"image":{"@id":"https:\/\/fgjh.edu.al\/en\/teaching-greek-from-primary-to-higher-education-on-world-greek-language-day\/#primaryimage"},"thumbnailUrl":"https:\/\/fgjh.edu.al\/wp-content\/uploads\/2025\/02\/WhatsApp-Image-2025-02-12-at-10.11.50-AM-11.jpeg","datePublished":"2025-02-12T08:12:21+00:00","dateModified":"2026-07-15T08:12:47+00:00","inLanguage":"en-US","potentialAction":[{"@type":"ReadAction","target":["https:\/\/fgjh.edu.al\/en\/teaching-greek-from-primary-to-higher-education-on-world-greek-language-day\/"]}]},{"@type":"ImageObject","inLanguage":"en-US","@id":"https:\/\/fgjh.edu.al\/en\/teaching-greek-from-primary-to-higher-education-on-world-greek-language-day\/#primaryimage","url":"https:\/\/fgjh.edu.al\/wp-content\/uploads\/2025\/02\/WhatsApp-Image-2025-02-12-at-10.11.50-AM-11.jpeg","contentUrl":"https:\/\/fgjh.edu.al\/wp-content\/uploads\/2025\/02\/WhatsApp-Image-2025-02-12-at-10.11.50-AM-11.jpeg","width":1600,"height":1200},{"@type":"WebSite","@id":"https:\/\/fgjh.edu.al\/en\/#website","url":"https:\/\/fgjh.edu.al\/en\/","name":"Fakulteti i Gjuh\u00ebve t\u00eb Huaja","description":"","publisher":{"@id":"https:\/\/fgjh.edu.al\/en\/#organization"},"potentialAction":[{"@type":"SearchAction","target":{"@type":"EntryPoint","urlTemplate":"https:\/\/fgjh.edu.al\/en\/?s={search_term_string}"},"query-input":{"@type":"PropertyValueSpecification","valueRequired":true,"valueName":"search_term_string"}}],"inLanguage":"en-US"},{"@type":"Organization","@id":"https:\/\/fgjh.edu.al\/en\/#organization","name":"Fakulteti i Gjuh\u00ebve t\u00eb Huaja","url":"https:\/\/fgjh.edu.al\/en\/","logo":{"@type":"ImageObject","inLanguage":"en-US","@id":"https:\/\/fgjh.edu.al\/en\/#\/schema\/logo\/image\/","url":"\/wp-content\/uploads\/2021\/11\/fgjh_logo_e_re.png","contentUrl":"\/wp-content\/uploads\/2021\/11\/fgjh_logo_e_re.png","width":693,"height":96,"caption":"Fakulteti i Gjuh\u00ebve t\u00eb Huaja"},"image":{"@id":"https:\/\/fgjh.edu.al\/en\/#\/schema\/logo\/image\/"}},{"@type":"Person","@id":"https:\/\/fgjh.edu.al\/en\/#\/schema\/person\/64cb6567a25dd53d4bf19ac5822250a0","name":"Laura Barjami"}]}},"_links":{"self":[{"href":"https:\/\/fgjh.edu.al\/en\/wp-json\/wp\/v2\/posts\/42754","targetHints":{"allow":["GET"]}}],"collection":[{"href":"https:\/\/fgjh.edu.al\/en\/wp-json\/wp\/v2\/posts"}],"about":[{"href":"https:\/\/fgjh.edu.al\/en\/wp-json\/wp\/v2\/types\/post"}],"author":[{"embeddable":true,"href":"https:\/\/fgjh.edu.al\/en\/wp-json\/wp\/v2\/users\/73"}],"replies":[{"embeddable":true,"href":"https:\/\/fgjh.edu.al\/en\/wp-json\/wp\/v2\/comments?post=42754"}],"version-history":[{"count":1,"href":"https:\/\/fgjh.edu.al\/en\/wp-json\/wp\/v2\/posts\/42754\/revisions"}],"predecessor-version":[{"id":42755,"href":"https:\/\/fgjh.edu.al\/en\/wp-json\/wp\/v2\/posts\/42754\/revisions\/42755"}],"wp:featuredmedia":[{"embeddable":true,"href":"https:\/\/fgjh.edu.al\/en\/wp-json\/wp\/v2\/media\/31238"}],"wp:attachment":[{"href":"https:\/\/fgjh.edu.al\/en\/wp-json\/wp\/v2\/media?parent=42754"}],"wp:term":[{"taxonomy":"category","embeddable":true,"href":"https:\/\/fgjh.edu.al\/en\/wp-json\/wp\/v2\/categories?post=42754"},{"taxonomy":"post_tag","embeddable":true,"href":"https:\/\/fgjh.edu.al\/en\/wp-json\/wp\/v2\/tags?post=42754"}],"curies":[{"name":"wp","href":"https:\/\/api.w.org\/{rel}","templated":true}]}}