{"id":42949,"date":"2025-06-12T10:55:14","date_gmt":"2025-06-12T10:55:14","guid":{"rendered":"https:\/\/fgjh.edu.al\/?p=42949"},"modified":"2026-07-17T11:01:58","modified_gmt":"2026-07-17T11:01:58","slug":"journees-de-formation-mixte-event","status":"publish","type":"post","link":"https:\/\/fgjh.edu.al\/en\/journees-de-formation-mixte-event\/","title":{"rendered":"&#8220;Journ\u00e9es de formation mixte&#8221; event"},"content":{"rendered":"<p>In June 2025, the Albanian team of the Erasmus+ DIDAF\u00c9 project participated in the &#8220;Journ\u00e9es de formation mixte&#8221; event, organized by the University of Bucharest as part of the project&#8217;s implementation. The delegation from the University of Tirana included two lecturers from the Department of French Language and two French language students at the Bachelor&#8217;s and Master&#8217;s levels, who actively participated in all the activities scheduled during this international meeting.<\/p>\n<p>During the event, the participants presented their work, attended the sessions of the international scientific conference, and took part in the thematic workshops organized by the project partners. These activities provided a valuable platform for the exchange of experiences and pedagogical practices among the partner universities, while also showcasing the progress achieved in advancing the project&#8217;s objectives. Particular attention was also devoted to planning the next phases of the project&#8217;s implementation.<\/p>","protected":false},"excerpt":{"rendered":"<p>In June 2025, the Albanian team of the Erasmus+ DIDAF\u00c9 project participated in the &#8220;Journ\u00e9es de formation mixte&#8221; event, organized by the University of Bucharest as part of the project&#8217;s [&hellip;]<\/p>\n","protected":false},"author":73,"featured_media":42947,"comment_status":"closed","ping_status":"closed","sticky":false,"template":"","format":"standard","meta":{"footnotes":""},"categories":[771],"tags":[],"class_list":["post-42949","post","type-post","status-publish","format-standard","has-post-thumbnail","hentry","category-announcement"],"yoast_head":"<!-- This site is optimized with the Yoast SEO plugin v28.0 - https:\/\/yoast.com\/product\/yoast-seo-wordpress\/ -->\n<title>&quot;Journ\u00e9es de formation mixte&quot; event - Fakulteti i Gjuh\u00ebve t\u00eb Huaja<\/title>\n<meta name=\"robots\" content=\"index, follow, max-snippet:-1, max-image-preview:large, max-video-preview:-1\" \/>\n<link rel=\"canonical\" href=\"https:\/\/fgjh.edu.al\/en\/journees-de-formation-mixte-event\/\" \/>\n<meta property=\"og:locale\" content=\"en_US\" \/>\n<meta property=\"og:type\" content=\"article\" \/>\n<meta property=\"og:title\" content=\"&quot;Journ\u00e9es de formation mixte&quot; event - Fakulteti i Gjuh\u00ebve t\u00eb Huaja\" \/>\n<meta property=\"og:description\" content=\"In June 2025, the Albanian team of the Erasmus+ DIDAF\u00c9 project participated in the &#8220;Journ\u00e9es de formation mixte&#8221; event, organized by the University of Bucharest as part of the project&#8217;s [&hellip;]\" \/>\n<meta property=\"og:url\" content=\"https:\/\/fgjh.edu.al\/en\/journees-de-formation-mixte-event\/\" \/>\n<meta property=\"og:site_name\" content=\"Fakulteti i Gjuh\u00ebve t\u00eb Huaja\" \/>\n<meta property=\"article:published_time\" content=\"2025-06-12T10:55:14+00:00\" \/>\n<meta property=\"article:modified_time\" content=\"2026-07-17T11:01:58+00:00\" \/>\n<meta property=\"og:image\" content=\"https:\/\/fgjh.edu.al\/wp-content\/uploads\/2026\/07\/IMG-20260717-WA0010.jpg\" \/>\n\t<meta property=\"og:image:width\" content=\"1284\" \/>\n\t<meta property=\"og:image:height\" content=\"937\" \/>\n\t<meta property=\"og:image:type\" content=\"image\/jpeg\" \/>\n<meta name=\"author\" content=\"Laura Barjami\" \/>\n<meta name=\"twitter:card\" content=\"summary_large_image\" \/>\n<meta name=\"twitter:label1\" content=\"Written by\" \/>\n\t<meta name=\"twitter:data1\" content=\"Laura Barjami\" \/>\n\t<meta name=\"twitter:label2\" content=\"Est. reading time\" \/>\n\t<meta name=\"twitter:data2\" content=\"2 minutes\" \/>\n<script type=\"application\/ld+json\" class=\"yoast-schema-graph\">{\"@context\":\"https:\\\/\\\/schema.org\",\"@graph\":[{\"@type\":\"Article\",\"@id\":\"https:\\\/\\\/fgjh.edu.al\\\/en\\\/journees-de-formation-mixte-event\\\/#article\",\"isPartOf\":{\"@id\":\"https:\\\/\\\/fgjh.edu.al\\\/en\\\/journees-de-formation-mixte-event\\\/\"},\"author\":{\"name\":\"Laura Barjami\",\"@id\":\"https:\\\/\\\/fgjh.edu.al\\\/en\\\/#\\\/schema\\\/person\\\/64cb6567a25dd53d4bf19ac5822250a0\"},\"headline\":\"&#8220;Journ\u00e9es de formation mixte&#8221; event\",\"datePublished\":\"2025-06-12T10:55:14+00:00\",\"dateModified\":\"2026-07-17T11:01:58+00:00\",\"mainEntityOfPage\":{\"@id\":\"https:\\\/\\\/fgjh.edu.al\\\/en\\\/journees-de-formation-mixte-event\\\/\"},\"wordCount\":152,\"publisher\":{\"@id\":\"https:\\\/\\\/fgjh.edu.al\\\/en\\\/#organization\"},\"image\":{\"@id\":\"https:\\\/\\\/fgjh.edu.al\\\/en\\\/journees-de-formation-mixte-event\\\/#primaryimage\"},\"thumbnailUrl\":\"https:\\\/\\\/fgjh.edu.al\\\/wp-content\\\/uploads\\\/2026\\\/07\\\/IMG-20260717-WA0010.jpg\",\"articleSection\":[\"Announcement\"],\"inLanguage\":\"en-US\"},{\"@type\":\"WebPage\",\"@id\":\"https:\\\/\\\/fgjh.edu.al\\\/en\\\/journees-de-formation-mixte-event\\\/\",\"url\":\"https:\\\/\\\/fgjh.edu.al\\\/en\\\/journees-de-formation-mixte-event\\\/\",\"name\":\"\\\"Journ\u00e9es de formation mixte\\\" event - Fakulteti i Gjuh\u00ebve t\u00eb Huaja\",\"isPartOf\":{\"@id\":\"https:\\\/\\\/fgjh.edu.al\\\/en\\\/#website\"},\"primaryImageOfPage\":{\"@id\":\"https:\\\/\\\/fgjh.edu.al\\\/en\\\/journees-de-formation-mixte-event\\\/#primaryimage\"},\"image\":{\"@id\":\"https:\\\/\\\/fgjh.edu.al\\\/en\\\/journees-de-formation-mixte-event\\\/#primaryimage\"},\"thumbnailUrl\":\"https:\\\/\\\/fgjh.edu.al\\\/wp-content\\\/uploads\\\/2026\\\/07\\\/IMG-20260717-WA0010.jpg\",\"datePublished\":\"2025-06-12T10:55:14+00:00\",\"dateModified\":\"2026-07-17T11:01:58+00:00\",\"inLanguage\":\"en-US\",\"potentialAction\":[{\"@type\":\"ReadAction\",\"target\":[\"https:\\\/\\\/fgjh.edu.al\\\/en\\\/journees-de-formation-mixte-event\\\/\"]}]},{\"@type\":\"ImageObject\",\"inLanguage\":\"en-US\",\"@id\":\"https:\\\/\\\/fgjh.edu.al\\\/en\\\/journees-de-formation-mixte-event\\\/#primaryimage\",\"url\":\"https:\\\/\\\/fgjh.edu.al\\\/wp-content\\\/uploads\\\/2026\\\/07\\\/IMG-20260717-WA0010.jpg\",\"contentUrl\":\"https:\\\/\\\/fgjh.edu.al\\\/wp-content\\\/uploads\\\/2026\\\/07\\\/IMG-20260717-WA0010.jpg\",\"width\":1284,\"height\":937},{\"@type\":\"WebSite\",\"@id\":\"https:\\\/\\\/fgjh.edu.al\\\/en\\\/#website\",\"url\":\"https:\\\/\\\/fgjh.edu.al\\\/en\\\/\",\"name\":\"Fakulteti i Gjuh\u00ebve t\u00eb Huaja\",\"description\":\"\",\"publisher\":{\"@id\":\"https:\\\/\\\/fgjh.edu.al\\\/en\\\/#organization\"},\"potentialAction\":[{\"@type\":\"SearchAction\",\"target\":{\"@type\":\"EntryPoint\",\"urlTemplate\":\"https:\\\/\\\/fgjh.edu.al\\\/en\\\/?s={search_term_string}\"},\"query-input\":{\"@type\":\"PropertyValueSpecification\",\"valueRequired\":true,\"valueName\":\"search_term_string\"}}],\"inLanguage\":\"en-US\"},{\"@type\":\"Organization\",\"@id\":\"https:\\\/\\\/fgjh.edu.al\\\/en\\\/#organization\",\"name\":\"Fakulteti i Gjuh\u00ebve t\u00eb Huaja\",\"url\":\"https:\\\/\\\/fgjh.edu.al\\\/en\\\/\",\"logo\":{\"@type\":\"ImageObject\",\"inLanguage\":\"en-US\",\"@id\":\"https:\\\/\\\/fgjh.edu.al\\\/en\\\/#\\\/schema\\\/logo\\\/image\\\/\",\"url\":\"\\\/wp-content\\\/uploads\\\/2021\\\/11\\\/fgjh_logo_e_re.png\",\"contentUrl\":\"\\\/wp-content\\\/uploads\\\/2021\\\/11\\\/fgjh_logo_e_re.png\",\"width\":693,\"height\":96,\"caption\":\"Fakulteti i Gjuh\u00ebve t\u00eb Huaja\"},\"image\":{\"@id\":\"https:\\\/\\\/fgjh.edu.al\\\/en\\\/#\\\/schema\\\/logo\\\/image\\\/\"}},{\"@type\":\"Person\",\"@id\":\"https:\\\/\\\/fgjh.edu.al\\\/en\\\/#\\\/schema\\\/person\\\/64cb6567a25dd53d4bf19ac5822250a0\",\"name\":\"Laura Barjami\"}]}<\/script>\n<!-- \/ Yoast SEO plugin. -->","yoast_head_json":{"title":"\"Journ\u00e9es de formation mixte\" event - Fakulteti i Gjuh\u00ebve t\u00eb Huaja","robots":{"index":"index","follow":"follow","max-snippet":"max-snippet:-1","max-image-preview":"max-image-preview:large","max-video-preview":"max-video-preview:-1"},"canonical":"https:\/\/fgjh.edu.al\/en\/journees-de-formation-mixte-event\/","og_locale":"en_US","og_type":"article","og_title":"\"Journ\u00e9es de formation mixte\" event - Fakulteti i Gjuh\u00ebve t\u00eb Huaja","og_description":"In June 2025, the Albanian team of the Erasmus+ DIDAF\u00c9 project participated in the &#8220;Journ\u00e9es de formation mixte&#8221; event, organized by the University of Bucharest as part of the project&#8217;s [&hellip;]","og_url":"https:\/\/fgjh.edu.al\/en\/journees-de-formation-mixte-event\/","og_site_name":"Fakulteti i Gjuh\u00ebve t\u00eb Huaja","article_published_time":"2025-06-12T10:55:14+00:00","article_modified_time":"2026-07-17T11:01:58+00:00","og_image":[{"width":1284,"height":937,"url":"https:\/\/fgjh.edu.al\/wp-content\/uploads\/2026\/07\/IMG-20260717-WA0010.jpg","type":"image\/jpeg"}],"author":"Laura Barjami","twitter_card":"summary_large_image","twitter_misc":{"Written by":"Laura Barjami","Est. reading time":"2 minutes"},"schema":{"@context":"https:\/\/schema.org","@graph":[{"@type":"Article","@id":"https:\/\/fgjh.edu.al\/en\/journees-de-formation-mixte-event\/#article","isPartOf":{"@id":"https:\/\/fgjh.edu.al\/en\/journees-de-formation-mixte-event\/"},"author":{"name":"Laura Barjami","@id":"https:\/\/fgjh.edu.al\/en\/#\/schema\/person\/64cb6567a25dd53d4bf19ac5822250a0"},"headline":"&#8220;Journ\u00e9es de formation mixte&#8221; event","datePublished":"2025-06-12T10:55:14+00:00","dateModified":"2026-07-17T11:01:58+00:00","mainEntityOfPage":{"@id":"https:\/\/fgjh.edu.al\/en\/journees-de-formation-mixte-event\/"},"wordCount":152,"publisher":{"@id":"https:\/\/fgjh.edu.al\/en\/#organization"},"image":{"@id":"https:\/\/fgjh.edu.al\/en\/journees-de-formation-mixte-event\/#primaryimage"},"thumbnailUrl":"https:\/\/fgjh.edu.al\/wp-content\/uploads\/2026\/07\/IMG-20260717-WA0010.jpg","articleSection":["Announcement"],"inLanguage":"en-US"},{"@type":"WebPage","@id":"https:\/\/fgjh.edu.al\/en\/journees-de-formation-mixte-event\/","url":"https:\/\/fgjh.edu.al\/en\/journees-de-formation-mixte-event\/","name":"\"Journ\u00e9es de formation mixte\" event - Fakulteti i Gjuh\u00ebve t\u00eb Huaja","isPartOf":{"@id":"https:\/\/fgjh.edu.al\/en\/#website"},"primaryImageOfPage":{"@id":"https:\/\/fgjh.edu.al\/en\/journees-de-formation-mixte-event\/#primaryimage"},"image":{"@id":"https:\/\/fgjh.edu.al\/en\/journees-de-formation-mixte-event\/#primaryimage"},"thumbnailUrl":"https:\/\/fgjh.edu.al\/wp-content\/uploads\/2026\/07\/IMG-20260717-WA0010.jpg","datePublished":"2025-06-12T10:55:14+00:00","dateModified":"2026-07-17T11:01:58+00:00","inLanguage":"en-US","potentialAction":[{"@type":"ReadAction","target":["https:\/\/fgjh.edu.al\/en\/journees-de-formation-mixte-event\/"]}]},{"@type":"ImageObject","inLanguage":"en-US","@id":"https:\/\/fgjh.edu.al\/en\/journees-de-formation-mixte-event\/#primaryimage","url":"https:\/\/fgjh.edu.al\/wp-content\/uploads\/2026\/07\/IMG-20260717-WA0010.jpg","contentUrl":"https:\/\/fgjh.edu.al\/wp-content\/uploads\/2026\/07\/IMG-20260717-WA0010.jpg","width":1284,"height":937},{"@type":"WebSite","@id":"https:\/\/fgjh.edu.al\/en\/#website","url":"https:\/\/fgjh.edu.al\/en\/","name":"Fakulteti i Gjuh\u00ebve t\u00eb Huaja","description":"","publisher":{"@id":"https:\/\/fgjh.edu.al\/en\/#organization"},"potentialAction":[{"@type":"SearchAction","target":{"@type":"EntryPoint","urlTemplate":"https:\/\/fgjh.edu.al\/en\/?s={search_term_string}"},"query-input":{"@type":"PropertyValueSpecification","valueRequired":true,"valueName":"search_term_string"}}],"inLanguage":"en-US"},{"@type":"Organization","@id":"https:\/\/fgjh.edu.al\/en\/#organization","name":"Fakulteti i Gjuh\u00ebve t\u00eb Huaja","url":"https:\/\/fgjh.edu.al\/en\/","logo":{"@type":"ImageObject","inLanguage":"en-US","@id":"https:\/\/fgjh.edu.al\/en\/#\/schema\/logo\/image\/","url":"\/wp-content\/uploads\/2021\/11\/fgjh_logo_e_re.png","contentUrl":"\/wp-content\/uploads\/2021\/11\/fgjh_logo_e_re.png","width":693,"height":96,"caption":"Fakulteti i Gjuh\u00ebve t\u00eb Huaja"},"image":{"@id":"https:\/\/fgjh.edu.al\/en\/#\/schema\/logo\/image\/"}},{"@type":"Person","@id":"https:\/\/fgjh.edu.al\/en\/#\/schema\/person\/64cb6567a25dd53d4bf19ac5822250a0","name":"Laura Barjami"}]}},"_links":{"self":[{"href":"https:\/\/fgjh.edu.al\/en\/wp-json\/wp\/v2\/posts\/42949","targetHints":{"allow":["GET"]}}],"collection":[{"href":"https:\/\/fgjh.edu.al\/en\/wp-json\/wp\/v2\/posts"}],"about":[{"href":"https:\/\/fgjh.edu.al\/en\/wp-json\/wp\/v2\/types\/post"}],"author":[{"embeddable":true,"href":"https:\/\/fgjh.edu.al\/en\/wp-json\/wp\/v2\/users\/73"}],"replies":[{"embeddable":true,"href":"https:\/\/fgjh.edu.al\/en\/wp-json\/wp\/v2\/comments?post=42949"}],"version-history":[{"count":1,"href":"https:\/\/fgjh.edu.al\/en\/wp-json\/wp\/v2\/posts\/42949\/revisions"}],"predecessor-version":[{"id":42950,"href":"https:\/\/fgjh.edu.al\/en\/wp-json\/wp\/v2\/posts\/42949\/revisions\/42950"}],"wp:featuredmedia":[{"embeddable":true,"href":"https:\/\/fgjh.edu.al\/en\/wp-json\/wp\/v2\/media\/42947"}],"wp:attachment":[{"href":"https:\/\/fgjh.edu.al\/en\/wp-json\/wp\/v2\/media?parent=42949"}],"wp:term":[{"taxonomy":"category","embeddable":true,"href":"https:\/\/fgjh.edu.al\/en\/wp-json\/wp\/v2\/categories?post=42949"},{"taxonomy":"post_tag","embeddable":true,"href":"https:\/\/fgjh.edu.al\/en\/wp-json\/wp\/v2\/tags?post=42949"}],"curies":[{"name":"wp","href":"https:\/\/api.w.org\/{rel}","templated":true}]}}